{"id":1069,"date":"2018-03-06T15:16:00","date_gmt":"2018-03-06T13:16:00","guid":{"rendered":"http:\/\/www.labarberia.net\/?p=1069"},"modified":"2021-03-26T15:17:11","modified_gmt":"2021-03-26T13:17:11","slug":"jordi-perez-prenominated-for-spanish-hairdresser-of-the-year","status":"publish","type":"post","link":"https:\/\/www.labarberia.net\/en\/jordi-perez-prenominated-for-spanish-hairdresser-of-the-year\/","title":{"rendered":"Jordi P\u00e9rez, prenominated for Spanish Hairdresser of the Year"},"content":{"rendered":"\n<p>The month of February ended in style at La Barberia de Gr\u00e0cia. Jordi P\u00e9rez has been prenominated for Spanish Hairdresser of the Year, the most important category of the Club F\u00edgaro Awards, the most important hairdressing association in the country.<\/p>\n\n\n\n<p>Jordi will now compete against 16 pre-nominees to become a finalist and to be able to parade on the grand gala of the ninth edition of the F\u00edgaro Awards. These prenominees have been chosen by the professional media of the sector, and Jordi is the only barber that we find in this select group.<\/p>\n\n\n\n<p>Jordi thanks the media for this great recognition, and confesses that only the fact of being pre-nominated &#8220;is a real honor and already a prize&#8221;.<\/p>\n\n\n\n<p>It is not the first time that La Barberia de Gr\u00e0cia has representation in these awards. In 2016 Jordi was already finalist with his Dirty Face collection nominated for Best Male Collection.<\/p>\n\n\n\n<p>Good luck, Jordi!<\/p>\n","protected":false},"excerpt":{"rendered":"<p>The month of February ended in style at La Barberia de Gr\u00e0cia. Jordi P\u00e9rez has been prenominated for Spanish Hairdresser of the Year, the most important category of the Club F\u00edgaro Awards, the most important hairdressing association in the country. Jordi will now compete against 16 pre-nominees to become a finalist and to be able [&hellip;]<\/p>\n","protected":false},"author":1,"featured_media":1065,"comment_status":"open","ping_status":"open","sticky":false,"template":"","format":"standard","meta":{"footnotes":""},"categories":[4],"tags":[],"class_list":["post-1069","post","type-post","status-publish","format-standard","has-post-thumbnail","hentry","category-uncategorized"],"acf":[],"yoast_head":"<!-- This site is optimized with the Yoast SEO plugin v25.3.1 - https:\/\/yoast.com\/wordpress\/plugins\/seo\/ -->\n<title>Jordi P\u00e9rez, prenominated for Spanish Hairdresser of the Year - La Barberia de Gr\u00e0cia<\/title>\n<meta name=\"robots\" content=\"index, follow, max-snippet:-1, max-image-preview:large, max-video-preview:-1\" \/>\n<link rel=\"canonical\" href=\"https:\/\/www.labarberia.net\/en\/jordi-perez-prenominated-for-spanish-hairdresser-of-the-year\/\" \/>\n<meta property=\"og:locale\" content=\"en_US\" \/>\n<meta property=\"og:type\" content=\"article\" \/>\n<meta property=\"og:title\" content=\"Jordi P\u00e9rez, prenominated for Spanish Hairdresser of the Year - La Barberia de Gr\u00e0cia\" \/>\n<meta property=\"og:description\" content=\"The month of February ended in style at La Barberia de Gr\u00e0cia. Jordi P\u00e9rez has been prenominated for Spanish Hairdresser of the Year, the most important category of the Club F\u00edgaro Awards, the most important hairdressing association in the country. Jordi will now compete against 16 pre-nominees to become a finalist and to be able [&hellip;]\" \/>\n<meta property=\"og:url\" content=\"https:\/\/www.labarberia.net\/en\/jordi-perez-prenominated-for-spanish-hairdresser-of-the-year\/\" \/>\n<meta property=\"og:site_name\" content=\"La Barberia de Gr\u00e0cia\" \/>\n<meta property=\"article:publisher\" content=\"https:\/\/www.facebook.com\/la.barberia.de.gracia\" \/>\n<meta property=\"article:published_time\" content=\"2018-03-06T13:16:00+00:00\" \/>\n<meta property=\"article:modified_time\" content=\"2021-03-26T13:17:11+00:00\" \/>\n<meta property=\"og:image\" content=\"https:\/\/www.labarberia.net\/wp-content\/uploads\/2021\/03\/available_width_50-12.jpg\" \/>\n\t<meta property=\"og:image:width\" content=\"579\" \/>\n\t<meta property=\"og:image:height\" content=\"868\" \/>\n\t<meta property=\"og:image:type\" content=\"image\/jpeg\" \/>\n<meta name=\"author\" content=\"admin\" \/>\n<meta name=\"twitter:card\" content=\"summary_large_image\" \/>\n<meta name=\"twitter:creator\" content=\"@jordilabarberia\" \/>\n<meta name=\"twitter:site\" content=\"@jordilabarberia\" \/>\n<meta name=\"twitter:label1\" content=\"Written by\" \/>\n\t<meta name=\"twitter:data1\" content=\"admin\" \/>\n\t<meta name=\"twitter:label2\" content=\"Est. reading time\" \/>\n\t<meta name=\"twitter:data2\" content=\"1 minute\" \/>\n<script type=\"application\/ld+json\" class=\"yoast-schema-graph\">{\"@context\":\"https:\/\/schema.org\",\"@graph\":[{\"@type\":\"Article\",\"@id\":\"https:\/\/www.labarberia.net\/en\/jordi-perez-prenominated-for-spanish-hairdresser-of-the-year\/#article\",\"isPartOf\":{\"@id\":\"https:\/\/www.labarberia.net\/en\/jordi-perez-prenominated-for-spanish-hairdresser-of-the-year\/\"},\"author\":{\"name\":\"admin\",\"@id\":\"https:\/\/www.labarberia.net\/#\/schema\/person\/1dd66a0445b0f5bbb1e9c812c75a4d99\"},\"headline\":\"Jordi P\u00e9rez, prenominated for Spanish Hairdresser of the Year\",\"datePublished\":\"2018-03-06T13:16:00+00:00\",\"dateModified\":\"2021-03-26T13:17:11+00:00\",\"mainEntityOfPage\":{\"@id\":\"https:\/\/www.labarberia.net\/en\/jordi-perez-prenominated-for-spanish-hairdresser-of-the-year\/\"},\"wordCount\":167,\"commentCount\":0,\"publisher\":{\"@id\":\"https:\/\/www.labarberia.net\/#organization\"},\"image\":{\"@id\":\"https:\/\/www.labarberia.net\/en\/jordi-perez-prenominated-for-spanish-hairdresser-of-the-year\/#primaryimage\"},\"thumbnailUrl\":\"https:\/\/www.labarberia.net\/wp-content\/uploads\/2021\/03\/available_width_50-12.jpg\",\"inLanguage\":\"en-US\",\"potentialAction\":[{\"@type\":\"CommentAction\",\"name\":\"Comment\",\"target\":[\"https:\/\/www.labarberia.net\/en\/jordi-perez-prenominated-for-spanish-hairdresser-of-the-year\/#respond\"]}]},{\"@type\":\"WebPage\",\"@id\":\"https:\/\/www.labarberia.net\/en\/jordi-perez-prenominated-for-spanish-hairdresser-of-the-year\/\",\"url\":\"https:\/\/www.labarberia.net\/en\/jordi-perez-prenominated-for-spanish-hairdresser-of-the-year\/\",\"name\":\"Jordi P\u00e9rez, prenominated for Spanish Hairdresser of the Year - La Barberia de Gr\u00e0cia\",\"isPartOf\":{\"@id\":\"https:\/\/www.labarberia.net\/#website\"},\"primaryImageOfPage\":{\"@id\":\"https:\/\/www.labarberia.net\/en\/jordi-perez-prenominated-for-spanish-hairdresser-of-the-year\/#primaryimage\"},\"image\":{\"@id\":\"https:\/\/www.labarberia.net\/en\/jordi-perez-prenominated-for-spanish-hairdresser-of-the-year\/#primaryimage\"},\"thumbnailUrl\":\"https:\/\/www.labarberia.net\/wp-content\/uploads\/2021\/03\/available_width_50-12.jpg\",\"datePublished\":\"2018-03-06T13:16:00+00:00\",\"dateModified\":\"2021-03-26T13:17:11+00:00\",\"breadcrumb\":{\"@id\":\"https:\/\/www.labarberia.net\/en\/jordi-perez-prenominated-for-spanish-hairdresser-of-the-year\/#breadcrumb\"},\"inLanguage\":\"en-US\",\"potentialAction\":[{\"@type\":\"ReadAction\",\"target\":[\"https:\/\/www.labarberia.net\/en\/jordi-perez-prenominated-for-spanish-hairdresser-of-the-year\/\"]}]},{\"@type\":\"ImageObject\",\"inLanguage\":\"en-US\",\"@id\":\"https:\/\/www.labarberia.net\/en\/jordi-perez-prenominated-for-spanish-hairdresser-of-the-year\/#primaryimage\",\"url\":\"https:\/\/www.labarberia.net\/wp-content\/uploads\/2021\/03\/available_width_50-12.jpg\",\"contentUrl\":\"https:\/\/www.labarberia.net\/wp-content\/uploads\/2021\/03\/available_width_50-12.jpg\",\"width\":579,\"height\":868,\"caption\":\"Jordi Perez\"},{\"@type\":\"BreadcrumbList\",\"@id\":\"https:\/\/www.labarberia.net\/en\/jordi-perez-prenominated-for-spanish-hairdresser-of-the-year\/#breadcrumb\",\"itemListElement\":[{\"@type\":\"ListItem\",\"position\":1,\"name\":\"Home\",\"item\":\"https:\/\/www.labarberia.net\/ca\/\"},{\"@type\":\"ListItem\",\"position\":2,\"name\":\"Jordi P\u00e9rez, prenominated for Spanish Hairdresser of the Year\"}]},{\"@type\":\"WebSite\",\"@id\":\"https:\/\/www.labarberia.net\/#website\",\"url\":\"https:\/\/www.labarberia.net\/\",\"name\":\"La Barberia de Gr\u00e0cia\",\"description\":\"Peluqueria masculina para hombres\",\"publisher\":{\"@id\":\"https:\/\/www.labarberia.net\/#organization\"},\"potentialAction\":[{\"@type\":\"SearchAction\",\"target\":{\"@type\":\"EntryPoint\",\"urlTemplate\":\"https:\/\/www.labarberia.net\/?s={search_term_string}\"},\"query-input\":{\"@type\":\"PropertyValueSpecification\",\"valueRequired\":true,\"valueName\":\"search_term_string\"}}],\"inLanguage\":\"en-US\"},{\"@type\":\"Organization\",\"@id\":\"https:\/\/www.labarberia.net\/#organization\",\"name\":\"La Barberia de Gr\u00e0cia\",\"url\":\"https:\/\/www.labarberia.net\/\",\"logo\":{\"@type\":\"ImageObject\",\"inLanguage\":\"en-US\",\"@id\":\"https:\/\/www.labarberia.net\/#\/schema\/logo\/image\/\",\"url\":\"https:\/\/www.labarberia.net\/wp-content\/uploads\/2021\/06\/LogoLaBarberia-black.png\",\"contentUrl\":\"https:\/\/www.labarberia.net\/wp-content\/uploads\/2021\/06\/LogoLaBarberia-black.png\",\"width\":1782,\"height\":144,\"caption\":\"La Barberia de Gr\u00e0cia\"},\"image\":{\"@id\":\"https:\/\/www.labarberia.net\/#\/schema\/logo\/image\/\"},\"sameAs\":[\"https:\/\/www.facebook.com\/la.barberia.de.gracia\",\"https:\/\/x.com\/jordilabarberia\",\"https:\/\/www.instagram.com\/labarberia\"]},{\"@type\":\"Person\",\"@id\":\"https:\/\/www.labarberia.net\/#\/schema\/person\/1dd66a0445b0f5bbb1e9c812c75a4d99\",\"name\":\"admin\",\"image\":{\"@type\":\"ImageObject\",\"inLanguage\":\"en-US\",\"@id\":\"https:\/\/www.labarberia.net\/#\/schema\/person\/image\/\",\"url\":\"https:\/\/secure.gravatar.com\/avatar\/6a92e4ce03d9442c546cc4afecfc51777413608a6d55a7b50040700657b6b30f?s=96&d=mm&r=g\",\"contentUrl\":\"https:\/\/secure.gravatar.com\/avatar\/6a92e4ce03d9442c546cc4afecfc51777413608a6d55a7b50040700657b6b30f?s=96&d=mm&r=g\",\"caption\":\"admin\"},\"url\":\"https:\/\/www.labarberia.net\/en\/author\/admin\/\"}]}<\/script>\n<!-- \/ Yoast SEO plugin. -->","yoast_head_json":{"title":"Jordi P\u00e9rez, prenominated for Spanish Hairdresser of the Year - La Barberia de Gr\u00e0cia","robots":{"index":"index","follow":"follow","max-snippet":"max-snippet:-1","max-image-preview":"max-image-preview:large","max-video-preview":"max-video-preview:-1"},"canonical":"https:\/\/www.labarberia.net\/en\/jordi-perez-prenominated-for-spanish-hairdresser-of-the-year\/","og_locale":"en_US","og_type":"article","og_title":"Jordi P\u00e9rez, prenominated for Spanish Hairdresser of the Year - La Barberia de Gr\u00e0cia","og_description":"The month of February ended in style at La Barberia de Gr\u00e0cia. Jordi P\u00e9rez has been prenominated for Spanish Hairdresser of the Year, the most important category of the Club F\u00edgaro Awards, the most important hairdressing association in the country. Jordi will now compete against 16 pre-nominees to become a finalist and to be able [&hellip;]","og_url":"https:\/\/www.labarberia.net\/en\/jordi-perez-prenominated-for-spanish-hairdresser-of-the-year\/","og_site_name":"La Barberia de Gr\u00e0cia","article_publisher":"https:\/\/www.facebook.com\/la.barberia.de.gracia","article_published_time":"2018-03-06T13:16:00+00:00","article_modified_time":"2021-03-26T13:17:11+00:00","og_image":[{"width":579,"height":868,"url":"https:\/\/www.labarberia.net\/wp-content\/uploads\/2021\/03\/available_width_50-12.jpg","type":"image\/jpeg"}],"author":"admin","twitter_card":"summary_large_image","twitter_creator":"@jordilabarberia","twitter_site":"@jordilabarberia","twitter_misc":{"Written by":"admin","Est. reading time":"1 minute"},"schema":{"@context":"https:\/\/schema.org","@graph":[{"@type":"Article","@id":"https:\/\/www.labarberia.net\/en\/jordi-perez-prenominated-for-spanish-hairdresser-of-the-year\/#article","isPartOf":{"@id":"https:\/\/www.labarberia.net\/en\/jordi-perez-prenominated-for-spanish-hairdresser-of-the-year\/"},"author":{"name":"admin","@id":"https:\/\/www.labarberia.net\/#\/schema\/person\/1dd66a0445b0f5bbb1e9c812c75a4d99"},"headline":"Jordi P\u00e9rez, prenominated for Spanish Hairdresser of the Year","datePublished":"2018-03-06T13:16:00+00:00","dateModified":"2021-03-26T13:17:11+00:00","mainEntityOfPage":{"@id":"https:\/\/www.labarberia.net\/en\/jordi-perez-prenominated-for-spanish-hairdresser-of-the-year\/"},"wordCount":167,"commentCount":0,"publisher":{"@id":"https:\/\/www.labarberia.net\/#organization"},"image":{"@id":"https:\/\/www.labarberia.net\/en\/jordi-perez-prenominated-for-spanish-hairdresser-of-the-year\/#primaryimage"},"thumbnailUrl":"https:\/\/www.labarberia.net\/wp-content\/uploads\/2021\/03\/available_width_50-12.jpg","inLanguage":"en-US","potentialAction":[{"@type":"CommentAction","name":"Comment","target":["https:\/\/www.labarberia.net\/en\/jordi-perez-prenominated-for-spanish-hairdresser-of-the-year\/#respond"]}]},{"@type":"WebPage","@id":"https:\/\/www.labarberia.net\/en\/jordi-perez-prenominated-for-spanish-hairdresser-of-the-year\/","url":"https:\/\/www.labarberia.net\/en\/jordi-perez-prenominated-for-spanish-hairdresser-of-the-year\/","name":"Jordi P\u00e9rez, prenominated for Spanish Hairdresser of the Year - La Barberia de Gr\u00e0cia","isPartOf":{"@id":"https:\/\/www.labarberia.net\/#website"},"primaryImageOfPage":{"@id":"https:\/\/www.labarberia.net\/en\/jordi-perez-prenominated-for-spanish-hairdresser-of-the-year\/#primaryimage"},"image":{"@id":"https:\/\/www.labarberia.net\/en\/jordi-perez-prenominated-for-spanish-hairdresser-of-the-year\/#primaryimage"},"thumbnailUrl":"https:\/\/www.labarberia.net\/wp-content\/uploads\/2021\/03\/available_width_50-12.jpg","datePublished":"2018-03-06T13:16:00+00:00","dateModified":"2021-03-26T13:17:11+00:00","breadcrumb":{"@id":"https:\/\/www.labarberia.net\/en\/jordi-perez-prenominated-for-spanish-hairdresser-of-the-year\/#breadcrumb"},"inLanguage":"en-US","potentialAction":[{"@type":"ReadAction","target":["https:\/\/www.labarberia.net\/en\/jordi-perez-prenominated-for-spanish-hairdresser-of-the-year\/"]}]},{"@type":"ImageObject","inLanguage":"en-US","@id":"https:\/\/www.labarberia.net\/en\/jordi-perez-prenominated-for-spanish-hairdresser-of-the-year\/#primaryimage","url":"https:\/\/www.labarberia.net\/wp-content\/uploads\/2021\/03\/available_width_50-12.jpg","contentUrl":"https:\/\/www.labarberia.net\/wp-content\/uploads\/2021\/03\/available_width_50-12.jpg","width":579,"height":868,"caption":"Jordi Perez"},{"@type":"BreadcrumbList","@id":"https:\/\/www.labarberia.net\/en\/jordi-perez-prenominated-for-spanish-hairdresser-of-the-year\/#breadcrumb","itemListElement":[{"@type":"ListItem","position":1,"name":"Home","item":"https:\/\/www.labarberia.net\/ca\/"},{"@type":"ListItem","position":2,"name":"Jordi P\u00e9rez, prenominated for Spanish Hairdresser of the Year"}]},{"@type":"WebSite","@id":"https:\/\/www.labarberia.net\/#website","url":"https:\/\/www.labarberia.net\/","name":"La Barberia de Gr\u00e0cia","description":"Peluqueria masculina para hombres","publisher":{"@id":"https:\/\/www.labarberia.net\/#organization"},"potentialAction":[{"@type":"SearchAction","target":{"@type":"EntryPoint","urlTemplate":"https:\/\/www.labarberia.net\/?s={search_term_string}"},"query-input":{"@type":"PropertyValueSpecification","valueRequired":true,"valueName":"search_term_string"}}],"inLanguage":"en-US"},{"@type":"Organization","@id":"https:\/\/www.labarberia.net\/#organization","name":"La Barberia de Gr\u00e0cia","url":"https:\/\/www.labarberia.net\/","logo":{"@type":"ImageObject","inLanguage":"en-US","@id":"https:\/\/www.labarberia.net\/#\/schema\/logo\/image\/","url":"https:\/\/www.labarberia.net\/wp-content\/uploads\/2021\/06\/LogoLaBarberia-black.png","contentUrl":"https:\/\/www.labarberia.net\/wp-content\/uploads\/2021\/06\/LogoLaBarberia-black.png","width":1782,"height":144,"caption":"La Barberia de Gr\u00e0cia"},"image":{"@id":"https:\/\/www.labarberia.net\/#\/schema\/logo\/image\/"},"sameAs":["https:\/\/www.facebook.com\/la.barberia.de.gracia","https:\/\/x.com\/jordilabarberia","https:\/\/www.instagram.com\/labarberia"]},{"@type":"Person","@id":"https:\/\/www.labarberia.net\/#\/schema\/person\/1dd66a0445b0f5bbb1e9c812c75a4d99","name":"admin","image":{"@type":"ImageObject","inLanguage":"en-US","@id":"https:\/\/www.labarberia.net\/#\/schema\/person\/image\/","url":"https:\/\/secure.gravatar.com\/avatar\/6a92e4ce03d9442c546cc4afecfc51777413608a6d55a7b50040700657b6b30f?s=96&d=mm&r=g","contentUrl":"https:\/\/secure.gravatar.com\/avatar\/6a92e4ce03d9442c546cc4afecfc51777413608a6d55a7b50040700657b6b30f?s=96&d=mm&r=g","caption":"admin"},"url":"https:\/\/www.labarberia.net\/en\/author\/admin\/"}]}},"_links":{"self":[{"href":"https:\/\/www.labarberia.net\/en\/wp-json\/wp\/v2\/posts\/1069","targetHints":{"allow":["GET"]}}],"collection":[{"href":"https:\/\/www.labarberia.net\/en\/wp-json\/wp\/v2\/posts"}],"about":[{"href":"https:\/\/www.labarberia.net\/en\/wp-json\/wp\/v2\/types\/post"}],"author":[{"embeddable":true,"href":"https:\/\/www.labarberia.net\/en\/wp-json\/wp\/v2\/users\/1"}],"replies":[{"embeddable":true,"href":"https:\/\/www.labarberia.net\/en\/wp-json\/wp\/v2\/comments?post=1069"}],"version-history":[{"count":1,"href":"https:\/\/www.labarberia.net\/en\/wp-json\/wp\/v2\/posts\/1069\/revisions"}],"predecessor-version":[{"id":1070,"href":"https:\/\/www.labarberia.net\/en\/wp-json\/wp\/v2\/posts\/1069\/revisions\/1070"}],"wp:featuredmedia":[{"embeddable":true,"href":"https:\/\/www.labarberia.net\/en\/wp-json\/wp\/v2\/media\/1065"}],"wp:attachment":[{"href":"https:\/\/www.labarberia.net\/en\/wp-json\/wp\/v2\/media?parent=1069"}],"wp:term":[{"taxonomy":"category","embeddable":true,"href":"https:\/\/www.labarberia.net\/en\/wp-json\/wp\/v2\/categories?post=1069"},{"taxonomy":"post_tag","embeddable":true,"href":"https:\/\/www.labarberia.net\/en\/wp-json\/wp\/v2\/tags?post=1069"}],"curies":[{"name":"wp","href":"https:\/\/api.w.org\/{rel}","templated":true}]}}