{"id":3825,"date":"2023-04-11T13:17:27","date_gmt":"2023-04-11T11:17:27","guid":{"rendered":"https:\/\/www.labarberia.net\/?p=3825"},"modified":"2023-04-11T13:17:29","modified_gmt":"2023-04-11T11:17:29","slug":"com-tenir-cura-dels-cabell-a-la-primavera","status":"publish","type":"post","link":"https:\/\/www.labarberia.net\/ca\/com-tenir-cura-dels-cabell-a-la-primavera\/","title":{"rendered":"Com tenir cura dels cabell a la primavera"},"content":{"rendered":"\n<p>La <strong>primavera<\/strong> \u00e9s l&#8217;\u00e8poca de l&#8217;any que m\u00e9s alegria comporta, el dia m\u00e9s llarg i l&#8217;augment d&#8217;hores de llum t\u00e9 molt a veure amb aquest sentiment meravell\u00f3s d&#8217;<strong>optimisme i felicitat<\/strong>.<\/p>\n\n\n\n<p>Tot i aix\u00f2, els canvis en les condicions clim\u00e0tiques tamb\u00e9 poden afectar la <strong>salut del teu cabell.<\/strong> Explicarem les cures espec\u00edfiques que necessita el cabell a la primavera, aix\u00ed com alguns consells per prevenir la caiguda dels cabells, ja que despr\u00e9s de la tardor, aquesta \u00e9s l&#8217;estaci\u00f3 de l&#8217;any en qu\u00e8 m\u00e9s s&#8217;accentua la <strong>p\u00e8rdua de cabell.<\/strong><\/p>\n\n\n\n<p><strong><em>Hidrataci\u00f3:<\/em><\/strong> La primavera pot ser una \u00e8poca de temps impredictible, i l&#8217;exposici\u00f3 al sol i al vent poden deshidratar els cabells. Per mantenir-lo hidratat, assegura&#8217;t d&#8217;utilitzar productes <strong>hidratants i condicionadors<\/strong>. A m\u00e9s, \u00e9s important beure suficient aigua per mantenir el cabell hidratat des de dins.<\/p>\n\n\n\n<p><strong><em>Protecci\u00f3 solar:<\/em><\/strong> Els cabells tamb\u00e9 poden patir danys per <strong>l&#8217;exposici\u00f3 al sol.<\/strong> Per protegir-lo, fes servir <strong>gorra o barret<\/strong> quan estiguis a l&#8217;aire lliure durant llargs per\u00edodes de temps.<\/p>\n\n\n\n<p><strong><em>Cura del cuir cabellut:<\/em><\/strong> Amb l&#8217;arribada de la primavera, tamb\u00e9 <strong>augmenta la producci\u00f3 de greix<\/strong> al cuir cabellut, sobretot en els homes, ja que la nostra pell \u00e9s m\u00e9s gruixuda i m\u00e9s greixosa que la de les dones. Per evitar aquesta l&#8217;acumulaci\u00f3, hem de rentar els cabells regularment amb <strong>xamp\u00fas que siguin lleugerament astringents<\/strong>. Els tractaments <strong>d&#8217;oxigenoter\u00e0pia capil\u00b7<\/strong>lar s\u00f3n tamb\u00e9 una forma excel\u00b7lent de regular l&#8217;exc\u00e9s de greix<\/p>\n\n\n\n<p><strong><em>Prevenci\u00f3 de la caiguda del cabell<\/em><\/strong><strong>:<\/strong> A m\u00e9s de les cures generals del cabell, tamb\u00e9 s&#8217;ha de pensar a prevenir la caiguda del cabell. La caiguda del cabell \u00e9s com\u00fa a la primavera a causa dels <strong>canvis hormonals<\/strong> que ocorren al cos. Per prevenir-la, assegureu-vos de seguir una <strong>dieta equilibrada<\/strong> i rica en nutrients. Els aliments rics en prote\u00efnes, vitamines i minerals com el ferro, la vitamina D i el zinc s\u00f3n essencials per a la salut del cabell. A m\u00e9s, tamb\u00e9 podeu prendre suplements capil\u00b7lars que continguin biotina i altres vitamines essencials.<\/p>\n\n\n\n<p>En conclusi\u00f3, tenir cura dels cabells a la primavera requereix una atenci\u00f3 especial, per\u00f2 seguint aquests senzills consells, podr\u00e0 mantenir-lo hidratat, protegit i saludable durant tot l&#8217;any.<\/p>\n\n\n\n<p>Si notes <strong>alguna anomalia dels teus cabells<\/strong> durant la primavera, no dubtis a acudir a <strong>La Barberia de Gr\u00e0cia<\/strong> per obtenir m\u00e9s informaci\u00f3 i assessorament personalitzat.<\/p>\n\n\n\n<p><strong>Cuida el teu cabell i gaudeix de la primavera!<\/strong><\/p>\n","protected":false},"excerpt":{"rendered":"<p>La primavera \u00e9s l&#8217;\u00e8poca de l&#8217;any que m\u00e9s alegria comporta, el dia m\u00e9s llarg i l&#8217;augment d&#8217;hores de llum t\u00e9 molt a veure amb aquest sentiment meravell\u00f3s d&#8217;optimisme i felicitat. Tot i aix\u00f2, els canvis en les condicions clim\u00e0tiques tamb\u00e9 poden afectar la salut del teu cabell. Explicarem les cures espec\u00edfiques que necessita el cabell [&hellip;]<\/p>\n","protected":false},"author":1,"featured_media":3815,"comment_status":"open","ping_status":"open","sticky":false,"template":"","format":"standard","meta":{"footnotes":""},"categories":[3],"tags":[],"class_list":["post-3825","post","type-post","status-publish","format-standard","has-post-thumbnail","hentry","category-sense-categoria"],"acf":[],"yoast_head":"<!-- This site is optimized with the Yoast SEO plugin v25.3.1 - https:\/\/yoast.com\/wordpress\/plugins\/seo\/ -->\n<title>Com tenir cura dels cabell a la primavera - La Barberia de Gr\u00e0cia<\/title>\n<meta name=\"robots\" content=\"index, follow, max-snippet:-1, max-image-preview:large, max-video-preview:-1\" \/>\n<link rel=\"canonical\" href=\"https:\/\/www.labarberia.net\/ca\/com-tenir-cura-dels-cabell-a-la-primavera\/\" \/>\n<meta property=\"og:locale\" content=\"ca_ES\" \/>\n<meta property=\"og:type\" content=\"article\" \/>\n<meta property=\"og:title\" content=\"Com tenir cura dels cabell a la primavera - La Barberia de Gr\u00e0cia\" \/>\n<meta property=\"og:description\" content=\"La primavera \u00e9s l&#8217;\u00e8poca de l&#8217;any que m\u00e9s alegria comporta, el dia m\u00e9s llarg i l&#8217;augment d&#8217;hores de llum t\u00e9 molt a veure amb aquest sentiment meravell\u00f3s d&#8217;optimisme i felicitat. Tot i aix\u00f2, els canvis en les condicions clim\u00e0tiques tamb\u00e9 poden afectar la salut del teu cabell. Explicarem les cures espec\u00edfiques que necessita el cabell [&hellip;]\" \/>\n<meta property=\"og:url\" content=\"https:\/\/www.labarberia.net\/ca\/com-tenir-cura-dels-cabell-a-la-primavera\/\" \/>\n<meta property=\"og:site_name\" content=\"La Barberia de Gr\u00e0cia\" \/>\n<meta property=\"article:publisher\" content=\"https:\/\/www.facebook.com\/la.barberia.de.gracia\" \/>\n<meta property=\"article:published_time\" content=\"2023-04-11T11:17:27+00:00\" \/>\n<meta property=\"article:modified_time\" content=\"2023-04-11T11:17:29+00:00\" \/>\n<meta property=\"og:image\" content=\"https:\/\/www.labarberia.net\/wp-content\/uploads\/2023\/04\/Primavera-1.jpg\" \/>\n\t<meta property=\"og:image:width\" content=\"1280\" \/>\n\t<meta property=\"og:image:height\" content=\"853\" \/>\n\t<meta property=\"og:image:type\" content=\"image\/jpeg\" \/>\n<meta name=\"author\" content=\"admin\" \/>\n<meta name=\"twitter:card\" content=\"summary_large_image\" \/>\n<meta name=\"twitter:creator\" content=\"@jordilabarberia\" \/>\n<meta name=\"twitter:site\" content=\"@jordilabarberia\" \/>\n<meta name=\"twitter:label1\" content=\"Escrit per\" \/>\n\t<meta name=\"twitter:data1\" content=\"admin\" \/>\n\t<meta name=\"twitter:label2\" content=\"Temps estimat de lectura\" \/>\n\t<meta name=\"twitter:data2\" content=\"2 minuts\" \/>\n<script type=\"application\/ld+json\" class=\"yoast-schema-graph\">{\"@context\":\"https:\/\/schema.org\",\"@graph\":[{\"@type\":\"Article\",\"@id\":\"https:\/\/www.labarberia.net\/ca\/com-tenir-cura-dels-cabell-a-la-primavera\/#article\",\"isPartOf\":{\"@id\":\"https:\/\/www.labarberia.net\/ca\/com-tenir-cura-dels-cabell-a-la-primavera\/\"},\"author\":{\"name\":\"admin\",\"@id\":\"https:\/\/www.labarberia.net\/#\/schema\/person\/1dd66a0445b0f5bbb1e9c812c75a4d99\"},\"headline\":\"Com tenir cura dels cabell a la primavera\",\"datePublished\":\"2023-04-11T11:17:27+00:00\",\"dateModified\":\"2023-04-11T11:17:29+00:00\",\"mainEntityOfPage\":{\"@id\":\"https:\/\/www.labarberia.net\/ca\/com-tenir-cura-dels-cabell-a-la-primavera\/\"},\"wordCount\":436,\"commentCount\":0,\"publisher\":{\"@id\":\"https:\/\/www.labarberia.net\/#organization\"},\"image\":{\"@id\":\"https:\/\/www.labarberia.net\/ca\/com-tenir-cura-dels-cabell-a-la-primavera\/#primaryimage\"},\"thumbnailUrl\":\"https:\/\/www.labarberia.net\/wp-content\/uploads\/2023\/04\/Primavera-1.jpg\",\"inLanguage\":\"ca\",\"potentialAction\":[{\"@type\":\"CommentAction\",\"name\":\"Comment\",\"target\":[\"https:\/\/www.labarberia.net\/ca\/com-tenir-cura-dels-cabell-a-la-primavera\/#respond\"]}]},{\"@type\":\"WebPage\",\"@id\":\"https:\/\/www.labarberia.net\/ca\/com-tenir-cura-dels-cabell-a-la-primavera\/\",\"url\":\"https:\/\/www.labarberia.net\/ca\/com-tenir-cura-dels-cabell-a-la-primavera\/\",\"name\":\"Com tenir cura dels cabell a la primavera - La Barberia de Gr\u00e0cia\",\"isPartOf\":{\"@id\":\"https:\/\/www.labarberia.net\/#website\"},\"primaryImageOfPage\":{\"@id\":\"https:\/\/www.labarberia.net\/ca\/com-tenir-cura-dels-cabell-a-la-primavera\/#primaryimage\"},\"image\":{\"@id\":\"https:\/\/www.labarberia.net\/ca\/com-tenir-cura-dels-cabell-a-la-primavera\/#primaryimage\"},\"thumbnailUrl\":\"https:\/\/www.labarberia.net\/wp-content\/uploads\/2023\/04\/Primavera-1.jpg\",\"datePublished\":\"2023-04-11T11:17:27+00:00\",\"dateModified\":\"2023-04-11T11:17:29+00:00\",\"breadcrumb\":{\"@id\":\"https:\/\/www.labarberia.net\/ca\/com-tenir-cura-dels-cabell-a-la-primavera\/#breadcrumb\"},\"inLanguage\":\"ca\",\"potentialAction\":[{\"@type\":\"ReadAction\",\"target\":[\"https:\/\/www.labarberia.net\/ca\/com-tenir-cura-dels-cabell-a-la-primavera\/\"]}]},{\"@type\":\"ImageObject\",\"inLanguage\":\"ca\",\"@id\":\"https:\/\/www.labarberia.net\/ca\/com-tenir-cura-dels-cabell-a-la-primavera\/#primaryimage\",\"url\":\"https:\/\/www.labarberia.net\/wp-content\/uploads\/2023\/04\/Primavera-1.jpg\",\"contentUrl\":\"https:\/\/www.labarberia.net\/wp-content\/uploads\/2023\/04\/Primavera-1.jpg\",\"width\":1280,\"height\":853},{\"@type\":\"BreadcrumbList\",\"@id\":\"https:\/\/www.labarberia.net\/ca\/com-tenir-cura-dels-cabell-a-la-primavera\/#breadcrumb\",\"itemListElement\":[{\"@type\":\"ListItem\",\"position\":1,\"name\":\"Home\",\"item\":\"https:\/\/www.labarberia.net\/ca\/\"},{\"@type\":\"ListItem\",\"position\":2,\"name\":\"Com tenir cura dels cabell a la primavera\"}]},{\"@type\":\"WebSite\",\"@id\":\"https:\/\/www.labarberia.net\/#website\",\"url\":\"https:\/\/www.labarberia.net\/\",\"name\":\"La Barberia de Gr\u00e0cia\",\"description\":\"Peluqueria masculina para hombres\",\"publisher\":{\"@id\":\"https:\/\/www.labarberia.net\/#organization\"},\"potentialAction\":[{\"@type\":\"SearchAction\",\"target\":{\"@type\":\"EntryPoint\",\"urlTemplate\":\"https:\/\/www.labarberia.net\/?s={search_term_string}\"},\"query-input\":{\"@type\":\"PropertyValueSpecification\",\"valueRequired\":true,\"valueName\":\"search_term_string\"}}],\"inLanguage\":\"ca\"},{\"@type\":\"Organization\",\"@id\":\"https:\/\/www.labarberia.net\/#organization\",\"name\":\"La Barberia de Gr\u00e0cia\",\"url\":\"https:\/\/www.labarberia.net\/\",\"logo\":{\"@type\":\"ImageObject\",\"inLanguage\":\"ca\",\"@id\":\"https:\/\/www.labarberia.net\/#\/schema\/logo\/image\/\",\"url\":\"https:\/\/www.labarberia.net\/wp-content\/uploads\/2021\/06\/LogoLaBarberia-black.png\",\"contentUrl\":\"https:\/\/www.labarberia.net\/wp-content\/uploads\/2021\/06\/LogoLaBarberia-black.png\",\"width\":1782,\"height\":144,\"caption\":\"La Barberia de Gr\u00e0cia\"},\"image\":{\"@id\":\"https:\/\/www.labarberia.net\/#\/schema\/logo\/image\/\"},\"sameAs\":[\"https:\/\/www.facebook.com\/la.barberia.de.gracia\",\"https:\/\/x.com\/jordilabarberia\",\"https:\/\/www.instagram.com\/labarberia\"]},{\"@type\":\"Person\",\"@id\":\"https:\/\/www.labarberia.net\/#\/schema\/person\/1dd66a0445b0f5bbb1e9c812c75a4d99\",\"name\":\"admin\",\"image\":{\"@type\":\"ImageObject\",\"inLanguage\":\"ca\",\"@id\":\"https:\/\/www.labarberia.net\/#\/schema\/person\/image\/\",\"url\":\"https:\/\/secure.gravatar.com\/avatar\/6a92e4ce03d9442c546cc4afecfc51777413608a6d55a7b50040700657b6b30f?s=96&d=mm&r=g\",\"contentUrl\":\"https:\/\/secure.gravatar.com\/avatar\/6a92e4ce03d9442c546cc4afecfc51777413608a6d55a7b50040700657b6b30f?s=96&d=mm&r=g\",\"caption\":\"admin\"},\"url\":\"https:\/\/www.labarberia.net\/ca\/author\/admin\/\"}]}<\/script>\n<!-- \/ Yoast SEO plugin. -->","yoast_head_json":{"title":"Com tenir cura dels cabell a la primavera - La Barberia de Gr\u00e0cia","robots":{"index":"index","follow":"follow","max-snippet":"max-snippet:-1","max-image-preview":"max-image-preview:large","max-video-preview":"max-video-preview:-1"},"canonical":"https:\/\/www.labarberia.net\/ca\/com-tenir-cura-dels-cabell-a-la-primavera\/","og_locale":"ca_ES","og_type":"article","og_title":"Com tenir cura dels cabell a la primavera - La Barberia de Gr\u00e0cia","og_description":"La primavera \u00e9s l&#8217;\u00e8poca de l&#8217;any que m\u00e9s alegria comporta, el dia m\u00e9s llarg i l&#8217;augment d&#8217;hores de llum t\u00e9 molt a veure amb aquest sentiment meravell\u00f3s d&#8217;optimisme i felicitat. Tot i aix\u00f2, els canvis en les condicions clim\u00e0tiques tamb\u00e9 poden afectar la salut del teu cabell. Explicarem les cures espec\u00edfiques que necessita el cabell [&hellip;]","og_url":"https:\/\/www.labarberia.net\/ca\/com-tenir-cura-dels-cabell-a-la-primavera\/","og_site_name":"La Barberia de Gr\u00e0cia","article_publisher":"https:\/\/www.facebook.com\/la.barberia.de.gracia","article_published_time":"2023-04-11T11:17:27+00:00","article_modified_time":"2023-04-11T11:17:29+00:00","og_image":[{"width":1280,"height":853,"url":"https:\/\/www.labarberia.net\/wp-content\/uploads\/2023\/04\/Primavera-1.jpg","type":"image\/jpeg"}],"author":"admin","twitter_card":"summary_large_image","twitter_creator":"@jordilabarberia","twitter_site":"@jordilabarberia","twitter_misc":{"Escrit per":"admin","Temps estimat de lectura":"2 minuts"},"schema":{"@context":"https:\/\/schema.org","@graph":[{"@type":"Article","@id":"https:\/\/www.labarberia.net\/ca\/com-tenir-cura-dels-cabell-a-la-primavera\/#article","isPartOf":{"@id":"https:\/\/www.labarberia.net\/ca\/com-tenir-cura-dels-cabell-a-la-primavera\/"},"author":{"name":"admin","@id":"https:\/\/www.labarberia.net\/#\/schema\/person\/1dd66a0445b0f5bbb1e9c812c75a4d99"},"headline":"Com tenir cura dels cabell a la primavera","datePublished":"2023-04-11T11:17:27+00:00","dateModified":"2023-04-11T11:17:29+00:00","mainEntityOfPage":{"@id":"https:\/\/www.labarberia.net\/ca\/com-tenir-cura-dels-cabell-a-la-primavera\/"},"wordCount":436,"commentCount":0,"publisher":{"@id":"https:\/\/www.labarberia.net\/#organization"},"image":{"@id":"https:\/\/www.labarberia.net\/ca\/com-tenir-cura-dels-cabell-a-la-primavera\/#primaryimage"},"thumbnailUrl":"https:\/\/www.labarberia.net\/wp-content\/uploads\/2023\/04\/Primavera-1.jpg","inLanguage":"ca","potentialAction":[{"@type":"CommentAction","name":"Comment","target":["https:\/\/www.labarberia.net\/ca\/com-tenir-cura-dels-cabell-a-la-primavera\/#respond"]}]},{"@type":"WebPage","@id":"https:\/\/www.labarberia.net\/ca\/com-tenir-cura-dels-cabell-a-la-primavera\/","url":"https:\/\/www.labarberia.net\/ca\/com-tenir-cura-dels-cabell-a-la-primavera\/","name":"Com tenir cura dels cabell a la primavera - La Barberia de Gr\u00e0cia","isPartOf":{"@id":"https:\/\/www.labarberia.net\/#website"},"primaryImageOfPage":{"@id":"https:\/\/www.labarberia.net\/ca\/com-tenir-cura-dels-cabell-a-la-primavera\/#primaryimage"},"image":{"@id":"https:\/\/www.labarberia.net\/ca\/com-tenir-cura-dels-cabell-a-la-primavera\/#primaryimage"},"thumbnailUrl":"https:\/\/www.labarberia.net\/wp-content\/uploads\/2023\/04\/Primavera-1.jpg","datePublished":"2023-04-11T11:17:27+00:00","dateModified":"2023-04-11T11:17:29+00:00","breadcrumb":{"@id":"https:\/\/www.labarberia.net\/ca\/com-tenir-cura-dels-cabell-a-la-primavera\/#breadcrumb"},"inLanguage":"ca","potentialAction":[{"@type":"ReadAction","target":["https:\/\/www.labarberia.net\/ca\/com-tenir-cura-dels-cabell-a-la-primavera\/"]}]},{"@type":"ImageObject","inLanguage":"ca","@id":"https:\/\/www.labarberia.net\/ca\/com-tenir-cura-dels-cabell-a-la-primavera\/#primaryimage","url":"https:\/\/www.labarberia.net\/wp-content\/uploads\/2023\/04\/Primavera-1.jpg","contentUrl":"https:\/\/www.labarberia.net\/wp-content\/uploads\/2023\/04\/Primavera-1.jpg","width":1280,"height":853},{"@type":"BreadcrumbList","@id":"https:\/\/www.labarberia.net\/ca\/com-tenir-cura-dels-cabell-a-la-primavera\/#breadcrumb","itemListElement":[{"@type":"ListItem","position":1,"name":"Home","item":"https:\/\/www.labarberia.net\/ca\/"},{"@type":"ListItem","position":2,"name":"Com tenir cura dels cabell a la primavera"}]},{"@type":"WebSite","@id":"https:\/\/www.labarberia.net\/#website","url":"https:\/\/www.labarberia.net\/","name":"La Barberia de Gr\u00e0cia","description":"Peluqueria masculina para hombres","publisher":{"@id":"https:\/\/www.labarberia.net\/#organization"},"potentialAction":[{"@type":"SearchAction","target":{"@type":"EntryPoint","urlTemplate":"https:\/\/www.labarberia.net\/?s={search_term_string}"},"query-input":{"@type":"PropertyValueSpecification","valueRequired":true,"valueName":"search_term_string"}}],"inLanguage":"ca"},{"@type":"Organization","@id":"https:\/\/www.labarberia.net\/#organization","name":"La Barberia de Gr\u00e0cia","url":"https:\/\/www.labarberia.net\/","logo":{"@type":"ImageObject","inLanguage":"ca","@id":"https:\/\/www.labarberia.net\/#\/schema\/logo\/image\/","url":"https:\/\/www.labarberia.net\/wp-content\/uploads\/2021\/06\/LogoLaBarberia-black.png","contentUrl":"https:\/\/www.labarberia.net\/wp-content\/uploads\/2021\/06\/LogoLaBarberia-black.png","width":1782,"height":144,"caption":"La Barberia de Gr\u00e0cia"},"image":{"@id":"https:\/\/www.labarberia.net\/#\/schema\/logo\/image\/"},"sameAs":["https:\/\/www.facebook.com\/la.barberia.de.gracia","https:\/\/x.com\/jordilabarberia","https:\/\/www.instagram.com\/labarberia"]},{"@type":"Person","@id":"https:\/\/www.labarberia.net\/#\/schema\/person\/1dd66a0445b0f5bbb1e9c812c75a4d99","name":"admin","image":{"@type":"ImageObject","inLanguage":"ca","@id":"https:\/\/www.labarberia.net\/#\/schema\/person\/image\/","url":"https:\/\/secure.gravatar.com\/avatar\/6a92e4ce03d9442c546cc4afecfc51777413608a6d55a7b50040700657b6b30f?s=96&d=mm&r=g","contentUrl":"https:\/\/secure.gravatar.com\/avatar\/6a92e4ce03d9442c546cc4afecfc51777413608a6d55a7b50040700657b6b30f?s=96&d=mm&r=g","caption":"admin"},"url":"https:\/\/www.labarberia.net\/ca\/author\/admin\/"}]}},"_links":{"self":[{"href":"https:\/\/www.labarberia.net\/ca\/wp-json\/wp\/v2\/posts\/3825","targetHints":{"allow":["GET"]}}],"collection":[{"href":"https:\/\/www.labarberia.net\/ca\/wp-json\/wp\/v2\/posts"}],"about":[{"href":"https:\/\/www.labarberia.net\/ca\/wp-json\/wp\/v2\/types\/post"}],"author":[{"embeddable":true,"href":"https:\/\/www.labarberia.net\/ca\/wp-json\/wp\/v2\/users\/1"}],"replies":[{"embeddable":true,"href":"https:\/\/www.labarberia.net\/ca\/wp-json\/wp\/v2\/comments?post=3825"}],"version-history":[{"count":6,"href":"https:\/\/www.labarberia.net\/ca\/wp-json\/wp\/v2\/posts\/3825\/revisions"}],"predecessor-version":[{"id":3831,"href":"https:\/\/www.labarberia.net\/ca\/wp-json\/wp\/v2\/posts\/3825\/revisions\/3831"}],"wp:featuredmedia":[{"embeddable":true,"href":"https:\/\/www.labarberia.net\/ca\/wp-json\/wp\/v2\/media\/3815"}],"wp:attachment":[{"href":"https:\/\/www.labarberia.net\/ca\/wp-json\/wp\/v2\/media?parent=3825"}],"wp:term":[{"taxonomy":"category","embeddable":true,"href":"https:\/\/www.labarberia.net\/ca\/wp-json\/wp\/v2\/categories?post=3825"},{"taxonomy":"post_tag","embeddable":true,"href":"https:\/\/www.labarberia.net\/ca\/wp-json\/wp\/v2\/tags?post=3825"}],"curies":[{"name":"wp","href":"https:\/\/api.w.org\/{rel}","templated":true}]}}