{"id":3607,"date":"2023-01-24T16:07:05","date_gmt":"2023-01-24T14:07:05","guid":{"rendered":"https:\/\/www.labarberia.net\/la-caiguda-dels-cabells-causes-i-solucions\/"},"modified":"2023-01-24T16:07:05","modified_gmt":"2023-01-24T14:07:05","slug":"la-caiguda-dels-cabells-causes-i-solucions","status":"publish","type":"post","link":"https:\/\/www.labarberia.net\/ca\/la-caiguda-dels-cabells-causes-i-solucions\/","title":{"rendered":"La caiguda dels cabells: causes i solucions"},"content":{"rendered":"\n<p>Per fi ha arribat la tardor, \u00e8poca de colors bruns i de melancolia, \u00e9s potser l&#8217;estaci\u00f3 de l&#8217;any que millors fotografies ens deixar\u00e0, amb tots aquests paisatges plens de fulles caigudes, per\u00f2 igual que cauen les fulles dels arbres, \u00e9s quan m\u00e9s s&#8217;accentua la caiguda dels cabells. \u00c9s l&#8217;estaci\u00f3 de l&#8217;any en qu\u00e8 m\u00e9s dedicaci\u00f3 hem de tenir, per conservar els nostres cabells el m\u00e9s fort i sa possible.<\/p>\n\n<p>Si vols saber m\u00e9s sobre\u00a0<strong>les causes de la caiguda dels cabells i de com combatre-les<\/strong>, continua llegint.<\/p>\n\n<h2 class=\"wp-block-heading\">Causes de la caiguda de p\u00e8l<\/h2>\n\n<p>Hi ha\u00a0<strong>sis causes principals<\/strong>\u00a0que provoquen la caiguda dels cabells:<\/p>\n\n<ul class=\"wp-block-list\"><li>Factors hereditaris<\/li><li>Estr\u00e9s<\/li><li>Problemes de salut i medicaci\u00f3<\/li><li>Contaminaci\u00f3<\/li><li>Alimentaci\u00f3<\/li><\/ul>\n\n<p><strong>La gen\u00e8tica \u00e9s responsable en molts casos de la caiguda masculina<\/strong>, \u00e9s un factor que es pot heretar tant de la fam\u00edlia del pare com de la mare i el que succeeix \u00e9s que ets m\u00e9s sensible a una subst\u00e0ncia anomenada\u00a0<em>dihidrotestosterona<\/em>\u00a0(DHT), qu\u00e8 \u00e9s la que va accelerar el debilitament i la caiguda dels cabells.\u00a0Tot i que curiosament va accelerar que et surtin m\u00e9s p\u00e8ls al nas a les celles i a les orelles.\u00a0Tot un f\u00e0stic.<\/p>\n\n<p><strong>L&#8217;estr\u00e8s \u00e9s una resposta del nostre organisme a un est\u00edmul considerat amena\u00e7ador<\/strong>, alliberant una s\u00e8rie de subst\u00e0ncies qu\u00edmiques i hormones, garantint aix\u00ed una resposta de lluita o fugida, garantint la nostra superviv\u00e8ncia.\u00a0Per\u00f2 quan aquest estr\u00e8s \u00e9s cr\u00f2nic, altera per complet la qu\u00edmica del nostre organisme, provocant una s\u00e8rie d&#8217;efectes indesitjables, com per exemple un cabell apagat i feble.\u00a0\u00c9s una de les causes de la caiguda del p\u00e8l m\u00e9s freq\u00fcents.<\/p>\n\n<p>\u00d2bviament,<strong>\u00a0els motius de salut, aix\u00ed com segons quines medicacions<\/strong>, alteren d&#8217;una manera notable l&#8217;estat dels nostres cabells.\u00a0Normalment, quan desapareix la causa que ha provocat aquest debilitament, o es retira la medicaci\u00f3, els cabells es recuperen i torna a presentar el mateix aspecte d&#8217;abans.<\/p>\n\n<p><strong>Els factors contaminants presents en l&#8217;aire l&#8217;aigua o fins i tot en segons quins aliments<\/strong>\u00a0es van dipositant i acumulant en el cuir cabellut i els cabells el que tamb\u00e9 provoca perduda de densitat i debilitament.<\/p>\n\n<p><strong>La dieta que siguem tamb\u00e9 afecta directament l&#8217;estat dels nostres cabells.<\/strong>\u00a0Les dietes poc saludables, o que provoquin alguna mancan\u00e7a en vitamines i minerals essencials, com biotina, ferro, zinc i vitamina A, repercutir\u00e0 directament en l&#8217;estat dels nostres cabells, per\u00f2 tamb\u00e9 en la nostra pell i ungles.<\/p>\n\n<h2 class=\"wp-block-heading\">Solucions per a la caiguda de p\u00e8l<\/h2>\n\n<p>Tot i que moltes vegades no hi ha una soluci\u00f3 que solucioni al 100% la caiguda dels cabells,\u00a0<strong>hi ha diferents solucions que ens poden ajudar:<\/strong><\/p>\n\n<p><strong>Consultar amb un metge<\/strong>, per descartar que la caiguda dels cabells sigui s\u00edmptoma d&#8217;algun proc\u00e9s patol\u00f2gic, i si no \u00e9s el cas, si es pot tractar amb minoxidil o finasterida, haur\u00e0s d&#8217;informar-te dels efectes adversos que aquests medicaments poden provocar.<\/p>\n\n<p>En la teva pr\u00f2xima visita a la barberia,\u00a0<strong>buscar algun pentinat que t&#8217;afavoreixi i dissimuli la falta de densitat capil\u00b7lar,<\/strong>\u00a0aix\u00ed com demanar informaci\u00f3 sobre tractaments que enforteixin i densifiquin els cabells. (Un breu inc\u00eds, a <a href=\"https:\/\/www.labarberia.net\/ca\/\">La Barberia de Gr\u00e0cia<\/a>, disposem de Nioxin, un dels tractaments m\u00e9s efica\u00e7os i premiats a nivell internacional).<\/p>\n\n<p>I, finalment, tamb\u00e9 hi ha la possibilitat\u00a0<strong>d&#8217;un empelt capil\u00b7lar per combatre la caiguda del cabell<\/strong>, en aquest cas, informa&#8217;t molt b\u00e9 de la t\u00e8cnica a realitzar i resultat posterior, ja que \u00e9s una intervenci\u00f3 quir\u00fargica i cal extremar les precaucions.<\/p>\n","protected":false},"excerpt":{"rendered":"<p>Per fi ha arribat la tardor, \u00e8poca de colors bruns i de melancolia, \u00e9s potser l&#8217;estaci\u00f3 de l&#8217;any que millors fotografies ens deixar\u00e0, amb tots aquests paisatges plens de fulles caigudes, per\u00f2 igual que cauen les fulles dels arbres, \u00e9s quan m\u00e9s s&#8217;accentua la caiguda dels cabells. \u00c9s l&#8217;estaci\u00f3 de l&#8217;any en qu\u00e8 m\u00e9s dedicaci\u00f3 [&hellip;]<\/p>\n","protected":false},"author":1,"featured_media":891,"comment_status":"open","ping_status":"open","sticky":false,"template":"","format":"standard","meta":{"footnotes":""},"categories":[3],"tags":[],"class_list":["post-3607","post","type-post","status-publish","format-standard","has-post-thumbnail","hentry","category-sense-categoria"],"acf":[],"yoast_head":"<!-- This site is optimized with the Yoast SEO plugin v25.3.1 - https:\/\/yoast.com\/wordpress\/plugins\/seo\/ -->\n<title>La caiguda dels cabells: causes i solucions - La Barberia de Gr\u00e0cia<\/title>\n<meta name=\"robots\" content=\"index, follow, max-snippet:-1, max-image-preview:large, max-video-preview:-1\" \/>\n<link rel=\"canonical\" href=\"https:\/\/www.labarberia.net\/ca\/la-caiguda-dels-cabells-causes-i-solucions\/\" \/>\n<meta property=\"og:locale\" content=\"ca_ES\" \/>\n<meta property=\"og:type\" content=\"article\" \/>\n<meta property=\"og:title\" content=\"La caiguda dels cabells: causes i solucions - La Barberia de Gr\u00e0cia\" \/>\n<meta property=\"og:description\" content=\"Per fi ha arribat la tardor, \u00e8poca de colors bruns i de melancolia, \u00e9s potser l&#8217;estaci\u00f3 de l&#8217;any que millors fotografies ens deixar\u00e0, amb tots aquests paisatges plens de fulles caigudes, per\u00f2 igual que cauen les fulles dels arbres, \u00e9s quan m\u00e9s s&#8217;accentua la caiguda dels cabells. \u00c9s l&#8217;estaci\u00f3 de l&#8217;any en qu\u00e8 m\u00e9s dedicaci\u00f3 [&hellip;]\" \/>\n<meta property=\"og:url\" content=\"https:\/\/www.labarberia.net\/ca\/la-caiguda-dels-cabells-causes-i-solucions\/\" \/>\n<meta property=\"og:site_name\" content=\"La Barberia de Gr\u00e0cia\" \/>\n<meta property=\"article:publisher\" content=\"https:\/\/www.facebook.com\/la.barberia.de.gracia\" \/>\n<meta property=\"article:published_time\" content=\"2023-01-24T14:07:05+00:00\" \/>\n<meta property=\"og:image\" content=\"https:\/\/www.labarberia.net\/wp-content\/uploads\/2021\/03\/available_width_100.jpg\" \/>\n\t<meta property=\"og:image:width\" content=\"1159\" \/>\n\t<meta property=\"og:image:height\" content=\"869\" \/>\n\t<meta property=\"og:image:type\" content=\"image\/jpeg\" \/>\n<meta name=\"author\" content=\"admin\" \/>\n<meta name=\"twitter:card\" content=\"summary_large_image\" \/>\n<meta name=\"twitter:creator\" content=\"@jordilabarberia\" \/>\n<meta name=\"twitter:site\" content=\"@jordilabarberia\" \/>\n<meta name=\"twitter:label1\" content=\"Escrit per\" \/>\n\t<meta name=\"twitter:data1\" content=\"admin\" \/>\n\t<meta name=\"twitter:label2\" content=\"Temps estimat de lectura\" \/>\n\t<meta name=\"twitter:data2\" content=\"3 minuts\" \/>\n<script type=\"application\/ld+json\" class=\"yoast-schema-graph\">{\"@context\":\"https:\/\/schema.org\",\"@graph\":[{\"@type\":\"Article\",\"@id\":\"https:\/\/www.labarberia.net\/ca\/la-caiguda-dels-cabells-causes-i-solucions\/#article\",\"isPartOf\":{\"@id\":\"https:\/\/www.labarberia.net\/ca\/la-caiguda-dels-cabells-causes-i-solucions\/\"},\"author\":{\"name\":\"admin\",\"@id\":\"https:\/\/www.labarberia.net\/#\/schema\/person\/1dd66a0445b0f5bbb1e9c812c75a4d99\"},\"headline\":\"La caiguda dels cabells: causes i solucions\",\"datePublished\":\"2023-01-24T14:07:05+00:00\",\"mainEntityOfPage\":{\"@id\":\"https:\/\/www.labarberia.net\/ca\/la-caiguda-dels-cabells-causes-i-solucions\/\"},\"wordCount\":626,\"commentCount\":0,\"publisher\":{\"@id\":\"https:\/\/www.labarberia.net\/#organization\"},\"image\":{\"@id\":\"https:\/\/www.labarberia.net\/ca\/la-caiguda-dels-cabells-causes-i-solucions\/#primaryimage\"},\"thumbnailUrl\":\"https:\/\/www.labarberia.net\/wp-content\/uploads\/2021\/03\/available_width_100.jpg\",\"inLanguage\":\"ca\",\"potentialAction\":[{\"@type\":\"CommentAction\",\"name\":\"Comment\",\"target\":[\"https:\/\/www.labarberia.net\/ca\/la-caiguda-dels-cabells-causes-i-solucions\/#respond\"]}]},{\"@type\":\"WebPage\",\"@id\":\"https:\/\/www.labarberia.net\/ca\/la-caiguda-dels-cabells-causes-i-solucions\/\",\"url\":\"https:\/\/www.labarberia.net\/ca\/la-caiguda-dels-cabells-causes-i-solucions\/\",\"name\":\"La caiguda dels cabells: causes i solucions - La Barberia de Gr\u00e0cia\",\"isPartOf\":{\"@id\":\"https:\/\/www.labarberia.net\/#website\"},\"primaryImageOfPage\":{\"@id\":\"https:\/\/www.labarberia.net\/ca\/la-caiguda-dels-cabells-causes-i-solucions\/#primaryimage\"},\"image\":{\"@id\":\"https:\/\/www.labarberia.net\/ca\/la-caiguda-dels-cabells-causes-i-solucions\/#primaryimage\"},\"thumbnailUrl\":\"https:\/\/www.labarberia.net\/wp-content\/uploads\/2021\/03\/available_width_100.jpg\",\"datePublished\":\"2023-01-24T14:07:05+00:00\",\"breadcrumb\":{\"@id\":\"https:\/\/www.labarberia.net\/ca\/la-caiguda-dels-cabells-causes-i-solucions\/#breadcrumb\"},\"inLanguage\":\"ca\",\"potentialAction\":[{\"@type\":\"ReadAction\",\"target\":[\"https:\/\/www.labarberia.net\/ca\/la-caiguda-dels-cabells-causes-i-solucions\/\"]}]},{\"@type\":\"ImageObject\",\"inLanguage\":\"ca\",\"@id\":\"https:\/\/www.labarberia.net\/ca\/la-caiguda-dels-cabells-causes-i-solucions\/#primaryimage\",\"url\":\"https:\/\/www.labarberia.net\/wp-content\/uploads\/2021\/03\/available_width_100.jpg\",\"contentUrl\":\"https:\/\/www.labarberia.net\/wp-content\/uploads\/2021\/03\/available_width_100.jpg\",\"width\":1159,\"height\":869,\"caption\":\"La ca\u00edda del cabello: causas y soluciones\"},{\"@type\":\"BreadcrumbList\",\"@id\":\"https:\/\/www.labarberia.net\/ca\/la-caiguda-dels-cabells-causes-i-solucions\/#breadcrumb\",\"itemListElement\":[{\"@type\":\"ListItem\",\"position\":1,\"name\":\"Home\",\"item\":\"https:\/\/www.labarberia.net\/ca\/\"},{\"@type\":\"ListItem\",\"position\":2,\"name\":\"La caiguda dels cabells: causes i solucions\"}]},{\"@type\":\"WebSite\",\"@id\":\"https:\/\/www.labarberia.net\/#website\",\"url\":\"https:\/\/www.labarberia.net\/\",\"name\":\"La Barberia de Gr\u00e0cia\",\"description\":\"Peluqueria masculina para hombres\",\"publisher\":{\"@id\":\"https:\/\/www.labarberia.net\/#organization\"},\"potentialAction\":[{\"@type\":\"SearchAction\",\"target\":{\"@type\":\"EntryPoint\",\"urlTemplate\":\"https:\/\/www.labarberia.net\/?s={search_term_string}\"},\"query-input\":{\"@type\":\"PropertyValueSpecification\",\"valueRequired\":true,\"valueName\":\"search_term_string\"}}],\"inLanguage\":\"ca\"},{\"@type\":\"Organization\",\"@id\":\"https:\/\/www.labarberia.net\/#organization\",\"name\":\"La Barberia de Gr\u00e0cia\",\"url\":\"https:\/\/www.labarberia.net\/\",\"logo\":{\"@type\":\"ImageObject\",\"inLanguage\":\"ca\",\"@id\":\"https:\/\/www.labarberia.net\/#\/schema\/logo\/image\/\",\"url\":\"https:\/\/www.labarberia.net\/wp-content\/uploads\/2021\/06\/LogoLaBarberia-black.png\",\"contentUrl\":\"https:\/\/www.labarberia.net\/wp-content\/uploads\/2021\/06\/LogoLaBarberia-black.png\",\"width\":1782,\"height\":144,\"caption\":\"La Barberia de Gr\u00e0cia\"},\"image\":{\"@id\":\"https:\/\/www.labarberia.net\/#\/schema\/logo\/image\/\"},\"sameAs\":[\"https:\/\/www.facebook.com\/la.barberia.de.gracia\",\"https:\/\/x.com\/jordilabarberia\",\"https:\/\/www.instagram.com\/labarberia\"]},{\"@type\":\"Person\",\"@id\":\"https:\/\/www.labarberia.net\/#\/schema\/person\/1dd66a0445b0f5bbb1e9c812c75a4d99\",\"name\":\"admin\",\"image\":{\"@type\":\"ImageObject\",\"inLanguage\":\"ca\",\"@id\":\"https:\/\/www.labarberia.net\/#\/schema\/person\/image\/\",\"url\":\"https:\/\/secure.gravatar.com\/avatar\/6a92e4ce03d9442c546cc4afecfc51777413608a6d55a7b50040700657b6b30f?s=96&d=mm&r=g\",\"contentUrl\":\"https:\/\/secure.gravatar.com\/avatar\/6a92e4ce03d9442c546cc4afecfc51777413608a6d55a7b50040700657b6b30f?s=96&d=mm&r=g\",\"caption\":\"admin\"},\"url\":\"https:\/\/www.labarberia.net\/ca\/author\/admin\/\"}]}<\/script>\n<!-- \/ Yoast SEO plugin. -->","yoast_head_json":{"title":"La caiguda dels cabells: causes i solucions - La Barberia de Gr\u00e0cia","robots":{"index":"index","follow":"follow","max-snippet":"max-snippet:-1","max-image-preview":"max-image-preview:large","max-video-preview":"max-video-preview:-1"},"canonical":"https:\/\/www.labarberia.net\/ca\/la-caiguda-dels-cabells-causes-i-solucions\/","og_locale":"ca_ES","og_type":"article","og_title":"La caiguda dels cabells: causes i solucions - La Barberia de Gr\u00e0cia","og_description":"Per fi ha arribat la tardor, \u00e8poca de colors bruns i de melancolia, \u00e9s potser l&#8217;estaci\u00f3 de l&#8217;any que millors fotografies ens deixar\u00e0, amb tots aquests paisatges plens de fulles caigudes, per\u00f2 igual que cauen les fulles dels arbres, \u00e9s quan m\u00e9s s&#8217;accentua la caiguda dels cabells. \u00c9s l&#8217;estaci\u00f3 de l&#8217;any en qu\u00e8 m\u00e9s dedicaci\u00f3 [&hellip;]","og_url":"https:\/\/www.labarberia.net\/ca\/la-caiguda-dels-cabells-causes-i-solucions\/","og_site_name":"La Barberia de Gr\u00e0cia","article_publisher":"https:\/\/www.facebook.com\/la.barberia.de.gracia","article_published_time":"2023-01-24T14:07:05+00:00","og_image":[{"width":1159,"height":869,"url":"https:\/\/www.labarberia.net\/wp-content\/uploads\/2021\/03\/available_width_100.jpg","type":"image\/jpeg"}],"author":"admin","twitter_card":"summary_large_image","twitter_creator":"@jordilabarberia","twitter_site":"@jordilabarberia","twitter_misc":{"Escrit per":"admin","Temps estimat de lectura":"3 minuts"},"schema":{"@context":"https:\/\/schema.org","@graph":[{"@type":"Article","@id":"https:\/\/www.labarberia.net\/ca\/la-caiguda-dels-cabells-causes-i-solucions\/#article","isPartOf":{"@id":"https:\/\/www.labarberia.net\/ca\/la-caiguda-dels-cabells-causes-i-solucions\/"},"author":{"name":"admin","@id":"https:\/\/www.labarberia.net\/#\/schema\/person\/1dd66a0445b0f5bbb1e9c812c75a4d99"},"headline":"La caiguda dels cabells: causes i solucions","datePublished":"2023-01-24T14:07:05+00:00","mainEntityOfPage":{"@id":"https:\/\/www.labarberia.net\/ca\/la-caiguda-dels-cabells-causes-i-solucions\/"},"wordCount":626,"commentCount":0,"publisher":{"@id":"https:\/\/www.labarberia.net\/#organization"},"image":{"@id":"https:\/\/www.labarberia.net\/ca\/la-caiguda-dels-cabells-causes-i-solucions\/#primaryimage"},"thumbnailUrl":"https:\/\/www.labarberia.net\/wp-content\/uploads\/2021\/03\/available_width_100.jpg","inLanguage":"ca","potentialAction":[{"@type":"CommentAction","name":"Comment","target":["https:\/\/www.labarberia.net\/ca\/la-caiguda-dels-cabells-causes-i-solucions\/#respond"]}]},{"@type":"WebPage","@id":"https:\/\/www.labarberia.net\/ca\/la-caiguda-dels-cabells-causes-i-solucions\/","url":"https:\/\/www.labarberia.net\/ca\/la-caiguda-dels-cabells-causes-i-solucions\/","name":"La caiguda dels cabells: causes i solucions - La Barberia de Gr\u00e0cia","isPartOf":{"@id":"https:\/\/www.labarberia.net\/#website"},"primaryImageOfPage":{"@id":"https:\/\/www.labarberia.net\/ca\/la-caiguda-dels-cabells-causes-i-solucions\/#primaryimage"},"image":{"@id":"https:\/\/www.labarberia.net\/ca\/la-caiguda-dels-cabells-causes-i-solucions\/#primaryimage"},"thumbnailUrl":"https:\/\/www.labarberia.net\/wp-content\/uploads\/2021\/03\/available_width_100.jpg","datePublished":"2023-01-24T14:07:05+00:00","breadcrumb":{"@id":"https:\/\/www.labarberia.net\/ca\/la-caiguda-dels-cabells-causes-i-solucions\/#breadcrumb"},"inLanguage":"ca","potentialAction":[{"@type":"ReadAction","target":["https:\/\/www.labarberia.net\/ca\/la-caiguda-dels-cabells-causes-i-solucions\/"]}]},{"@type":"ImageObject","inLanguage":"ca","@id":"https:\/\/www.labarberia.net\/ca\/la-caiguda-dels-cabells-causes-i-solucions\/#primaryimage","url":"https:\/\/www.labarberia.net\/wp-content\/uploads\/2021\/03\/available_width_100.jpg","contentUrl":"https:\/\/www.labarberia.net\/wp-content\/uploads\/2021\/03\/available_width_100.jpg","width":1159,"height":869,"caption":"La ca\u00edda del cabello: causas y soluciones"},{"@type":"BreadcrumbList","@id":"https:\/\/www.labarberia.net\/ca\/la-caiguda-dels-cabells-causes-i-solucions\/#breadcrumb","itemListElement":[{"@type":"ListItem","position":1,"name":"Home","item":"https:\/\/www.labarberia.net\/ca\/"},{"@type":"ListItem","position":2,"name":"La caiguda dels cabells: causes i solucions"}]},{"@type":"WebSite","@id":"https:\/\/www.labarberia.net\/#website","url":"https:\/\/www.labarberia.net\/","name":"La Barberia de Gr\u00e0cia","description":"Peluqueria masculina para hombres","publisher":{"@id":"https:\/\/www.labarberia.net\/#organization"},"potentialAction":[{"@type":"SearchAction","target":{"@type":"EntryPoint","urlTemplate":"https:\/\/www.labarberia.net\/?s={search_term_string}"},"query-input":{"@type":"PropertyValueSpecification","valueRequired":true,"valueName":"search_term_string"}}],"inLanguage":"ca"},{"@type":"Organization","@id":"https:\/\/www.labarberia.net\/#organization","name":"La Barberia de Gr\u00e0cia","url":"https:\/\/www.labarberia.net\/","logo":{"@type":"ImageObject","inLanguage":"ca","@id":"https:\/\/www.labarberia.net\/#\/schema\/logo\/image\/","url":"https:\/\/www.labarberia.net\/wp-content\/uploads\/2021\/06\/LogoLaBarberia-black.png","contentUrl":"https:\/\/www.labarberia.net\/wp-content\/uploads\/2021\/06\/LogoLaBarberia-black.png","width":1782,"height":144,"caption":"La Barberia de Gr\u00e0cia"},"image":{"@id":"https:\/\/www.labarberia.net\/#\/schema\/logo\/image\/"},"sameAs":["https:\/\/www.facebook.com\/la.barberia.de.gracia","https:\/\/x.com\/jordilabarberia","https:\/\/www.instagram.com\/labarberia"]},{"@type":"Person","@id":"https:\/\/www.labarberia.net\/#\/schema\/person\/1dd66a0445b0f5bbb1e9c812c75a4d99","name":"admin","image":{"@type":"ImageObject","inLanguage":"ca","@id":"https:\/\/www.labarberia.net\/#\/schema\/person\/image\/","url":"https:\/\/secure.gravatar.com\/avatar\/6a92e4ce03d9442c546cc4afecfc51777413608a6d55a7b50040700657b6b30f?s=96&d=mm&r=g","contentUrl":"https:\/\/secure.gravatar.com\/avatar\/6a92e4ce03d9442c546cc4afecfc51777413608a6d55a7b50040700657b6b30f?s=96&d=mm&r=g","caption":"admin"},"url":"https:\/\/www.labarberia.net\/ca\/author\/admin\/"}]}},"_links":{"self":[{"href":"https:\/\/www.labarberia.net\/ca\/wp-json\/wp\/v2\/posts\/3607","targetHints":{"allow":["GET"]}}],"collection":[{"href":"https:\/\/www.labarberia.net\/ca\/wp-json\/wp\/v2\/posts"}],"about":[{"href":"https:\/\/www.labarberia.net\/ca\/wp-json\/wp\/v2\/types\/post"}],"author":[{"embeddable":true,"href":"https:\/\/www.labarberia.net\/ca\/wp-json\/wp\/v2\/users\/1"}],"replies":[{"embeddable":true,"href":"https:\/\/www.labarberia.net\/ca\/wp-json\/wp\/v2\/comments?post=3607"}],"version-history":[{"count":1,"href":"https:\/\/www.labarberia.net\/ca\/wp-json\/wp\/v2\/posts\/3607\/revisions"}],"predecessor-version":[{"id":3608,"href":"https:\/\/www.labarberia.net\/ca\/wp-json\/wp\/v2\/posts\/3607\/revisions\/3608"}],"wp:featuredmedia":[{"embeddable":true,"href":"https:\/\/www.labarberia.net\/ca\/wp-json\/wp\/v2\/media\/891"}],"wp:attachment":[{"href":"https:\/\/www.labarberia.net\/ca\/wp-json\/wp\/v2\/media?parent=3607"}],"wp:term":[{"taxonomy":"category","embeddable":true,"href":"https:\/\/www.labarberia.net\/ca\/wp-json\/wp\/v2\/categories?post=3607"},{"taxonomy":"post_tag","embeddable":true,"href":"https:\/\/www.labarberia.net\/ca\/wp-json\/wp\/v2\/tags?post=3607"}],"curies":[{"name":"wp","href":"https:\/\/api.w.org\/{rel}","templated":true}]}}