{"id":1148,"date":"2016-10-20T16:33:00","date_gmt":"2016-10-20T14:33:00","guid":{"rendered":"http:\/\/www.labarberia.net\/?p=1148"},"modified":"2021-03-26T16:33:45","modified_gmt":"2021-03-26T14:33:45","slug":"cuatro-formas-basicas-de-cuidar-tu-barba","status":"publish","type":"post","link":"https:\/\/www.labarberia.net\/ca\/cuatro-formas-basicas-de-cuidar-tu-barba\/","title":{"rendered":"Cuatro formas b\u00e1sicas de cuidar tu barba"},"content":{"rendered":"\n<p>T&#8217;agradaria deixar-te la barba per\u00f2 et molesta ?, doncs com diu Jordi P\u00e9rez, &#8220;la barba \u00e9s com la pell, no l&#8217;has de notar&#8221;. Per aconseguir aix\u00f2, cal donar-li una cura constant i apropiat a la barba. Com aconseguir-ho ?, doncs \u00e9s m\u00e9s senzill del que creus, nom\u00e9s has de seguir els quatre consells que et esmentarem a continuaci\u00f3.<\/p>\n\n\n\n<p><strong>1. RENTAR LA BARBA<\/strong><\/p>\n\n\n\n<p>Igual que el cabell, la barba s&#8217;ha de rentar di\u00e0riament per mantenir-la neta i saludable amb productes especials per barba i no amb el mateix xamp\u00fa que s&#8217;utilitza per als cabells. Un dels productes que et recomanem \u00e9s el Xamp\u00fa per Barba de V7 ja que aquest, a m\u00e9s de netejar la barba, cont\u00e9 nutrients que seran beneficiosos per a la pell.<\/p>\n\n\n\n<p><strong>2. HIDR\u00c1TALA<\/strong><\/p>\n\n\n\n<p>Si vols que el teu barba tingui un acabat perfecte \u00e9s fonamental que la hidratis despr\u00e9s del rentat. Aix\u00f2 ho pots fer amb el s\u00e8rum Cura Intensiva de l&#8217;Barba de V7. Aquest producte cobreix cada p\u00e8l de la barba amb una fina pel\u00b7l\u00edcula que proporciona a l&#8217;instant un tacte suau i sed\u00f3s. A m\u00e9s, tamb\u00e9 ser\u00e0 benefici\u00f3s per a la pell, ja que compta amb nutrients que ajuden a prevenir la picor, la descamaci\u00f3 i l&#8217;enrogiment que pot causar la barba durant el creixement. Aquest producte s&#8217;ho pot usar di\u00e0riament juntament amb el xamp\u00fa de V7 per aix\u00ed obtenir un resultat \u00f2ptim de la cura de la barba. Per a la seva aplicaci\u00f3, \u00fanicament has de, despr\u00e9s del rentat, col\u00b7locar una quantitat m\u00ednima a la barba i posteriorment passar el raspall per aquesta per repartir el producte apropiadament.<\/p>\n\n\n\n<p><strong>3.P\u00c9INALA<\/strong><\/p>\n\n\n\n<p>Si portes una barba llarga, et recomanem que a m\u00e9s de rentar i hidratar la teva barba la pintes amb un raspall especial, d&#8217;aquesta manera aconseguir\u00e0s deixar tot al seu lloc. Aquesta ha de ser pentinada amb moviments suaus i de dalt a baix ja que en cas contrari podries danyar-la.<\/p>\n\n\n\n<p><strong>4. DALE FORMA<\/strong><\/p>\n\n\n\n<p>Finalment, si vols lluir una barba fenomenal, cal que li donis forma de tant en tant. Si ets dels que els agrada portar la barba llarga, pots donar-li forma cada tres o quatre setmanes, mentre que, si portes la barba curta, haur\u00e0s de fer-ho cada deu o quinze dies.<\/p>\n","protected":false},"excerpt":{"rendered":"<p>T&#8217;agradaria deixar-te la barba per\u00f2 et molesta ?, doncs com diu Jordi P\u00e9rez, &#8220;la barba \u00e9s com la pell, no l&#8217;has de notar&#8221;. Per aconseguir aix\u00f2, cal donar-li una cura constant i apropiat a la barba. Com aconseguir-ho ?, doncs \u00e9s m\u00e9s senzill del que creus, nom\u00e9s has de seguir els quatre consells que et [&hellip;]<\/p>\n","protected":false},"author":1,"featured_media":1145,"comment_status":"open","ping_status":"open","sticky":false,"template":"","format":"standard","meta":{"footnotes":""},"categories":[3],"tags":[],"class_list":["post-1148","post","type-post","status-publish","format-standard","has-post-thumbnail","hentry","category-sense-categoria"],"acf":[],"yoast_head":"<!-- This site is optimized with the Yoast SEO plugin v25.3.1 - https:\/\/yoast.com\/wordpress\/plugins\/seo\/ -->\n<title>Cuatro formas b\u00e1sicas de cuidar tu barba - La Barberia de Gr\u00e0cia<\/title>\n<meta name=\"robots\" content=\"index, follow, max-snippet:-1, max-image-preview:large, max-video-preview:-1\" \/>\n<link rel=\"canonical\" href=\"https:\/\/www.labarberia.net\/ca\/cuatro-formas-basicas-de-cuidar-tu-barba\/\" \/>\n<meta property=\"og:locale\" content=\"ca_ES\" \/>\n<meta property=\"og:type\" content=\"article\" \/>\n<meta property=\"og:title\" content=\"Cuatro formas b\u00e1sicas de cuidar tu barba - La Barberia de Gr\u00e0cia\" \/>\n<meta property=\"og:description\" content=\"T&#8217;agradaria deixar-te la barba per\u00f2 et molesta ?, doncs com diu Jordi P\u00e9rez, &#8220;la barba \u00e9s com la pell, no l&#8217;has de notar&#8221;. Per aconseguir aix\u00f2, cal donar-li una cura constant i apropiat a la barba. Com aconseguir-ho ?, doncs \u00e9s m\u00e9s senzill del que creus, nom\u00e9s has de seguir els quatre consells que et [&hellip;]\" \/>\n<meta property=\"og:url\" content=\"https:\/\/www.labarberia.net\/ca\/cuatro-formas-basicas-de-cuidar-tu-barba\/\" \/>\n<meta property=\"og:site_name\" content=\"La Barberia de Gr\u00e0cia\" \/>\n<meta property=\"article:publisher\" content=\"https:\/\/www.facebook.com\/la.barberia.de.gracia\" \/>\n<meta property=\"article:published_time\" content=\"2016-10-20T14:33:00+00:00\" \/>\n<meta property=\"article:modified_time\" content=\"2021-03-26T14:33:45+00:00\" \/>\n<meta property=\"og:image\" content=\"https:\/\/www.labarberia.net\/wp-content\/uploads\/2021\/03\/available_width_50-17.jpg\" \/>\n\t<meta property=\"og:image:width\" content=\"579\" \/>\n\t<meta property=\"og:image:height\" content=\"614\" \/>\n\t<meta property=\"og:image:type\" content=\"image\/jpeg\" \/>\n<meta name=\"author\" content=\"admin\" \/>\n<meta name=\"twitter:card\" content=\"summary_large_image\" \/>\n<meta name=\"twitter:creator\" content=\"@jordilabarberia\" \/>\n<meta name=\"twitter:site\" content=\"@jordilabarberia\" \/>\n<meta name=\"twitter:label1\" content=\"Escrit per\" \/>\n\t<meta name=\"twitter:data1\" content=\"admin\" \/>\n\t<meta name=\"twitter:label2\" content=\"Temps estimat de lectura\" \/>\n\t<meta name=\"twitter:data2\" content=\"2 minuts\" \/>\n<script type=\"application\/ld+json\" class=\"yoast-schema-graph\">{\"@context\":\"https:\/\/schema.org\",\"@graph\":[{\"@type\":\"Article\",\"@id\":\"https:\/\/www.labarberia.net\/ca\/cuatro-formas-basicas-de-cuidar-tu-barba\/#article\",\"isPartOf\":{\"@id\":\"https:\/\/www.labarberia.net\/ca\/cuatro-formas-basicas-de-cuidar-tu-barba\/\"},\"author\":{\"name\":\"admin\",\"@id\":\"https:\/\/www.labarberia.net\/#\/schema\/person\/1dd66a0445b0f5bbb1e9c812c75a4d99\"},\"headline\":\"Cuatro formas b\u00e1sicas de cuidar tu barba\",\"datePublished\":\"2016-10-20T14:33:00+00:00\",\"dateModified\":\"2021-03-26T14:33:45+00:00\",\"mainEntityOfPage\":{\"@id\":\"https:\/\/www.labarberia.net\/ca\/cuatro-formas-basicas-de-cuidar-tu-barba\/\"},\"wordCount\":402,\"commentCount\":0,\"publisher\":{\"@id\":\"https:\/\/www.labarberia.net\/#organization\"},\"image\":{\"@id\":\"https:\/\/www.labarberia.net\/ca\/cuatro-formas-basicas-de-cuidar-tu-barba\/#primaryimage\"},\"thumbnailUrl\":\"https:\/\/www.labarberia.net\/wp-content\/uploads\/2021\/03\/available_width_50-17.jpg\",\"inLanguage\":\"ca\",\"potentialAction\":[{\"@type\":\"CommentAction\",\"name\":\"Comment\",\"target\":[\"https:\/\/www.labarberia.net\/ca\/cuatro-formas-basicas-de-cuidar-tu-barba\/#respond\"]}]},{\"@type\":\"WebPage\",\"@id\":\"https:\/\/www.labarberia.net\/ca\/cuatro-formas-basicas-de-cuidar-tu-barba\/\",\"url\":\"https:\/\/www.labarberia.net\/ca\/cuatro-formas-basicas-de-cuidar-tu-barba\/\",\"name\":\"Cuatro formas b\u00e1sicas de cuidar tu barba - La Barberia de Gr\u00e0cia\",\"isPartOf\":{\"@id\":\"https:\/\/www.labarberia.net\/#website\"},\"primaryImageOfPage\":{\"@id\":\"https:\/\/www.labarberia.net\/ca\/cuatro-formas-basicas-de-cuidar-tu-barba\/#primaryimage\"},\"image\":{\"@id\":\"https:\/\/www.labarberia.net\/ca\/cuatro-formas-basicas-de-cuidar-tu-barba\/#primaryimage\"},\"thumbnailUrl\":\"https:\/\/www.labarberia.net\/wp-content\/uploads\/2021\/03\/available_width_50-17.jpg\",\"datePublished\":\"2016-10-20T14:33:00+00:00\",\"dateModified\":\"2021-03-26T14:33:45+00:00\",\"breadcrumb\":{\"@id\":\"https:\/\/www.labarberia.net\/ca\/cuatro-formas-basicas-de-cuidar-tu-barba\/#breadcrumb\"},\"inLanguage\":\"ca\",\"potentialAction\":[{\"@type\":\"ReadAction\",\"target\":[\"https:\/\/www.labarberia.net\/ca\/cuatro-formas-basicas-de-cuidar-tu-barba\/\"]}]},{\"@type\":\"ImageObject\",\"inLanguage\":\"ca\",\"@id\":\"https:\/\/www.labarberia.net\/ca\/cuatro-formas-basicas-de-cuidar-tu-barba\/#primaryimage\",\"url\":\"https:\/\/www.labarberia.net\/wp-content\/uploads\/2021\/03\/available_width_50-17.jpg\",\"contentUrl\":\"https:\/\/www.labarberia.net\/wp-content\/uploads\/2021\/03\/available_width_50-17.jpg\",\"width\":579,\"height\":614,\"caption\":\"Productos para barbas y bigotes\"},{\"@type\":\"BreadcrumbList\",\"@id\":\"https:\/\/www.labarberia.net\/ca\/cuatro-formas-basicas-de-cuidar-tu-barba\/#breadcrumb\",\"itemListElement\":[{\"@type\":\"ListItem\",\"position\":1,\"name\":\"Home\",\"item\":\"https:\/\/www.labarberia.net\/ca\/\"},{\"@type\":\"ListItem\",\"position\":2,\"name\":\"Cuatro formas b\u00e1sicas de cuidar tu barba\"}]},{\"@type\":\"WebSite\",\"@id\":\"https:\/\/www.labarberia.net\/#website\",\"url\":\"https:\/\/www.labarberia.net\/\",\"name\":\"La Barberia de Gr\u00e0cia\",\"description\":\"Peluqueria masculina para hombres\",\"publisher\":{\"@id\":\"https:\/\/www.labarberia.net\/#organization\"},\"potentialAction\":[{\"@type\":\"SearchAction\",\"target\":{\"@type\":\"EntryPoint\",\"urlTemplate\":\"https:\/\/www.labarberia.net\/?s={search_term_string}\"},\"query-input\":{\"@type\":\"PropertyValueSpecification\",\"valueRequired\":true,\"valueName\":\"search_term_string\"}}],\"inLanguage\":\"ca\"},{\"@type\":\"Organization\",\"@id\":\"https:\/\/www.labarberia.net\/#organization\",\"name\":\"La Barberia de Gr\u00e0cia\",\"url\":\"https:\/\/www.labarberia.net\/\",\"logo\":{\"@type\":\"ImageObject\",\"inLanguage\":\"ca\",\"@id\":\"https:\/\/www.labarberia.net\/#\/schema\/logo\/image\/\",\"url\":\"https:\/\/www.labarberia.net\/wp-content\/uploads\/2021\/06\/LogoLaBarberia-black.png\",\"contentUrl\":\"https:\/\/www.labarberia.net\/wp-content\/uploads\/2021\/06\/LogoLaBarberia-black.png\",\"width\":1782,\"height\":144,\"caption\":\"La Barberia de Gr\u00e0cia\"},\"image\":{\"@id\":\"https:\/\/www.labarberia.net\/#\/schema\/logo\/image\/\"},\"sameAs\":[\"https:\/\/www.facebook.com\/la.barberia.de.gracia\",\"https:\/\/x.com\/jordilabarberia\",\"https:\/\/www.instagram.com\/labarberia\"]},{\"@type\":\"Person\",\"@id\":\"https:\/\/www.labarberia.net\/#\/schema\/person\/1dd66a0445b0f5bbb1e9c812c75a4d99\",\"name\":\"admin\",\"image\":{\"@type\":\"ImageObject\",\"inLanguage\":\"ca\",\"@id\":\"https:\/\/www.labarberia.net\/#\/schema\/person\/image\/\",\"url\":\"https:\/\/secure.gravatar.com\/avatar\/6a92e4ce03d9442c546cc4afecfc51777413608a6d55a7b50040700657b6b30f?s=96&d=mm&r=g\",\"contentUrl\":\"https:\/\/secure.gravatar.com\/avatar\/6a92e4ce03d9442c546cc4afecfc51777413608a6d55a7b50040700657b6b30f?s=96&d=mm&r=g\",\"caption\":\"admin\"},\"url\":\"https:\/\/www.labarberia.net\/ca\/author\/admin\/\"}]}<\/script>\n<!-- \/ Yoast SEO plugin. -->","yoast_head_json":{"title":"Cuatro formas b\u00e1sicas de cuidar tu barba - La Barberia de Gr\u00e0cia","robots":{"index":"index","follow":"follow","max-snippet":"max-snippet:-1","max-image-preview":"max-image-preview:large","max-video-preview":"max-video-preview:-1"},"canonical":"https:\/\/www.labarberia.net\/ca\/cuatro-formas-basicas-de-cuidar-tu-barba\/","og_locale":"ca_ES","og_type":"article","og_title":"Cuatro formas b\u00e1sicas de cuidar tu barba - La Barberia de Gr\u00e0cia","og_description":"T&#8217;agradaria deixar-te la barba per\u00f2 et molesta ?, doncs com diu Jordi P\u00e9rez, &#8220;la barba \u00e9s com la pell, no l&#8217;has de notar&#8221;. Per aconseguir aix\u00f2, cal donar-li una cura constant i apropiat a la barba. Com aconseguir-ho ?, doncs \u00e9s m\u00e9s senzill del que creus, nom\u00e9s has de seguir els quatre consells que et [&hellip;]","og_url":"https:\/\/www.labarberia.net\/ca\/cuatro-formas-basicas-de-cuidar-tu-barba\/","og_site_name":"La Barberia de Gr\u00e0cia","article_publisher":"https:\/\/www.facebook.com\/la.barberia.de.gracia","article_published_time":"2016-10-20T14:33:00+00:00","article_modified_time":"2021-03-26T14:33:45+00:00","og_image":[{"width":579,"height":614,"url":"https:\/\/www.labarberia.net\/wp-content\/uploads\/2021\/03\/available_width_50-17.jpg","type":"image\/jpeg"}],"author":"admin","twitter_card":"summary_large_image","twitter_creator":"@jordilabarberia","twitter_site":"@jordilabarberia","twitter_misc":{"Escrit per":"admin","Temps estimat de lectura":"2 minuts"},"schema":{"@context":"https:\/\/schema.org","@graph":[{"@type":"Article","@id":"https:\/\/www.labarberia.net\/ca\/cuatro-formas-basicas-de-cuidar-tu-barba\/#article","isPartOf":{"@id":"https:\/\/www.labarberia.net\/ca\/cuatro-formas-basicas-de-cuidar-tu-barba\/"},"author":{"name":"admin","@id":"https:\/\/www.labarberia.net\/#\/schema\/person\/1dd66a0445b0f5bbb1e9c812c75a4d99"},"headline":"Cuatro formas b\u00e1sicas de cuidar tu barba","datePublished":"2016-10-20T14:33:00+00:00","dateModified":"2021-03-26T14:33:45+00:00","mainEntityOfPage":{"@id":"https:\/\/www.labarberia.net\/ca\/cuatro-formas-basicas-de-cuidar-tu-barba\/"},"wordCount":402,"commentCount":0,"publisher":{"@id":"https:\/\/www.labarberia.net\/#organization"},"image":{"@id":"https:\/\/www.labarberia.net\/ca\/cuatro-formas-basicas-de-cuidar-tu-barba\/#primaryimage"},"thumbnailUrl":"https:\/\/www.labarberia.net\/wp-content\/uploads\/2021\/03\/available_width_50-17.jpg","inLanguage":"ca","potentialAction":[{"@type":"CommentAction","name":"Comment","target":["https:\/\/www.labarberia.net\/ca\/cuatro-formas-basicas-de-cuidar-tu-barba\/#respond"]}]},{"@type":"WebPage","@id":"https:\/\/www.labarberia.net\/ca\/cuatro-formas-basicas-de-cuidar-tu-barba\/","url":"https:\/\/www.labarberia.net\/ca\/cuatro-formas-basicas-de-cuidar-tu-barba\/","name":"Cuatro formas b\u00e1sicas de cuidar tu barba - La Barberia de Gr\u00e0cia","isPartOf":{"@id":"https:\/\/www.labarberia.net\/#website"},"primaryImageOfPage":{"@id":"https:\/\/www.labarberia.net\/ca\/cuatro-formas-basicas-de-cuidar-tu-barba\/#primaryimage"},"image":{"@id":"https:\/\/www.labarberia.net\/ca\/cuatro-formas-basicas-de-cuidar-tu-barba\/#primaryimage"},"thumbnailUrl":"https:\/\/www.labarberia.net\/wp-content\/uploads\/2021\/03\/available_width_50-17.jpg","datePublished":"2016-10-20T14:33:00+00:00","dateModified":"2021-03-26T14:33:45+00:00","breadcrumb":{"@id":"https:\/\/www.labarberia.net\/ca\/cuatro-formas-basicas-de-cuidar-tu-barba\/#breadcrumb"},"inLanguage":"ca","potentialAction":[{"@type":"ReadAction","target":["https:\/\/www.labarberia.net\/ca\/cuatro-formas-basicas-de-cuidar-tu-barba\/"]}]},{"@type":"ImageObject","inLanguage":"ca","@id":"https:\/\/www.labarberia.net\/ca\/cuatro-formas-basicas-de-cuidar-tu-barba\/#primaryimage","url":"https:\/\/www.labarberia.net\/wp-content\/uploads\/2021\/03\/available_width_50-17.jpg","contentUrl":"https:\/\/www.labarberia.net\/wp-content\/uploads\/2021\/03\/available_width_50-17.jpg","width":579,"height":614,"caption":"Productos para barbas y bigotes"},{"@type":"BreadcrumbList","@id":"https:\/\/www.labarberia.net\/ca\/cuatro-formas-basicas-de-cuidar-tu-barba\/#breadcrumb","itemListElement":[{"@type":"ListItem","position":1,"name":"Home","item":"https:\/\/www.labarberia.net\/ca\/"},{"@type":"ListItem","position":2,"name":"Cuatro formas b\u00e1sicas de cuidar tu barba"}]},{"@type":"WebSite","@id":"https:\/\/www.labarberia.net\/#website","url":"https:\/\/www.labarberia.net\/","name":"La Barberia de Gr\u00e0cia","description":"Peluqueria masculina para hombres","publisher":{"@id":"https:\/\/www.labarberia.net\/#organization"},"potentialAction":[{"@type":"SearchAction","target":{"@type":"EntryPoint","urlTemplate":"https:\/\/www.labarberia.net\/?s={search_term_string}"},"query-input":{"@type":"PropertyValueSpecification","valueRequired":true,"valueName":"search_term_string"}}],"inLanguage":"ca"},{"@type":"Organization","@id":"https:\/\/www.labarberia.net\/#organization","name":"La Barberia de Gr\u00e0cia","url":"https:\/\/www.labarberia.net\/","logo":{"@type":"ImageObject","inLanguage":"ca","@id":"https:\/\/www.labarberia.net\/#\/schema\/logo\/image\/","url":"https:\/\/www.labarberia.net\/wp-content\/uploads\/2021\/06\/LogoLaBarberia-black.png","contentUrl":"https:\/\/www.labarberia.net\/wp-content\/uploads\/2021\/06\/LogoLaBarberia-black.png","width":1782,"height":144,"caption":"La Barberia de Gr\u00e0cia"},"image":{"@id":"https:\/\/www.labarberia.net\/#\/schema\/logo\/image\/"},"sameAs":["https:\/\/www.facebook.com\/la.barberia.de.gracia","https:\/\/x.com\/jordilabarberia","https:\/\/www.instagram.com\/labarberia"]},{"@type":"Person","@id":"https:\/\/www.labarberia.net\/#\/schema\/person\/1dd66a0445b0f5bbb1e9c812c75a4d99","name":"admin","image":{"@type":"ImageObject","inLanguage":"ca","@id":"https:\/\/www.labarberia.net\/#\/schema\/person\/image\/","url":"https:\/\/secure.gravatar.com\/avatar\/6a92e4ce03d9442c546cc4afecfc51777413608a6d55a7b50040700657b6b30f?s=96&d=mm&r=g","contentUrl":"https:\/\/secure.gravatar.com\/avatar\/6a92e4ce03d9442c546cc4afecfc51777413608a6d55a7b50040700657b6b30f?s=96&d=mm&r=g","caption":"admin"},"url":"https:\/\/www.labarberia.net\/ca\/author\/admin\/"}]}},"_links":{"self":[{"href":"https:\/\/www.labarberia.net\/ca\/wp-json\/wp\/v2\/posts\/1148","targetHints":{"allow":["GET"]}}],"collection":[{"href":"https:\/\/www.labarberia.net\/ca\/wp-json\/wp\/v2\/posts"}],"about":[{"href":"https:\/\/www.labarberia.net\/ca\/wp-json\/wp\/v2\/types\/post"}],"author":[{"embeddable":true,"href":"https:\/\/www.labarberia.net\/ca\/wp-json\/wp\/v2\/users\/1"}],"replies":[{"embeddable":true,"href":"https:\/\/www.labarberia.net\/ca\/wp-json\/wp\/v2\/comments?post=1148"}],"version-history":[{"count":1,"href":"https:\/\/www.labarberia.net\/ca\/wp-json\/wp\/v2\/posts\/1148\/revisions"}],"predecessor-version":[{"id":1149,"href":"https:\/\/www.labarberia.net\/ca\/wp-json\/wp\/v2\/posts\/1148\/revisions\/1149"}],"wp:featuredmedia":[{"embeddable":true,"href":"https:\/\/www.labarberia.net\/ca\/wp-json\/wp\/v2\/media\/1145"}],"wp:attachment":[{"href":"https:\/\/www.labarberia.net\/ca\/wp-json\/wp\/v2\/media?parent=1148"}],"wp:term":[{"taxonomy":"category","embeddable":true,"href":"https:\/\/www.labarberia.net\/ca\/wp-json\/wp\/v2\/categories?post=1148"},{"taxonomy":"post_tag","embeddable":true,"href":"https:\/\/www.labarberia.net\/ca\/wp-json\/wp\/v2\/tags?post=1148"}],"curies":[{"name":"wp","href":"https:\/\/api.w.org\/{rel}","templated":true}]}}